{"id":3549,"date":"2026-04-26T10:27:30","date_gmt":"2026-04-26T09:27:30","guid":{"rendered":"https:\/\/www.f-sos.org\/?p=3549"},"modified":"2026-04-26T11:19:07","modified_gmt":"2026-04-26T10:19:07","slug":"f-262-joins-the-gallery-climate-coalition","status":"publish","type":"post","link":"https:\/\/www.f-sos.org\/pt\/f-262-joins-the-gallery-climate-coalition\/","title":{"rendered":"F\/262 junta-se \u00e0 Gallery Climate Coalition"},"content":{"rendered":"<div data-elementor-type=\"wp-post\" data-elementor-id=\"3549\" class=\"elementor elementor-3549\">\n\t\t\t\t<div class=\"elementor-element elementor-element-6c1e891 e-flex e-con-boxed e-con e-parent\" data-id=\"6c1e891\" data-element_type=\"container\" data-e-type=\"container\">\n\t\t\t\t\t<div class=\"e-con-inner\">\n\t\t\t\t<div class=\"elementor-element elementor-element-942e3e8 elementor-widget elementor-widget-heading\" data-id=\"942e3e8\" data-element_type=\"widget\" data-e-type=\"widget\" data-widget_type=\"heading.default\">\n\t\t\t\t\t<h2 class=\"elementor-heading-title elementor-size-default\">F\/262 junta-se \u00e0 Gallery Climate Coalition<\/h2>\t\t\t\t<\/div>\n\t\t\t\t\t<\/div>\n\t\t\t\t<\/div>\n\t\t<div class=\"elementor-element elementor-element-2a773db e-flex e-con-boxed e-con e-parent\" data-id=\"2a773db\" data-element_type=\"container\" data-e-type=\"container\">\n\t\t\t\t\t<div class=\"e-con-inner\">\n\t\t<div class=\"elementor-element elementor-element-4f7cee9 e-con-full e-flex e-con e-child\" data-id=\"4f7cee9\" data-element_type=\"container\" data-e-type=\"container\">\n\t\t\t\t<div class=\"elementor-element elementor-element-b72530e elementor-widget elementor-widget-text-editor\" data-id=\"b72530e\" data-element_type=\"widget\" data-e-type=\"widget\" data-widget_type=\"text-editor.default\">\n\t\t\t\t\t\t\t\t\t<p data-start=\"115\" data-end=\"306\">F\/262 \u2013 O Festival Internacional de Fotografia \u00e9 agora membro do <span class=\"hover:entity-accent entity-underline inline cursor-pointer align-baseline\"><span class=\"whitespace-normal\">Galeria Coliga\u00e7\u00e3o pelo Clima<\/span><\/span> (CCG), uma rede mundial que lidera a resposta do setor cultural \u00e0 crise clim\u00e1tica.<\/p><p data-start=\"308\" data-end=\"789\">Juntamo-nos a uma comunidade internacional que inclui institui\u00e7\u00f5es como <span class=\"hover:entity-accent entity-underline inline cursor-pointer align-baseline\"><span class=\"whitespace-normal\">Tate<\/span><\/span>, <span class=\"hover:entity-accent entity-underline inline cursor-pointer align-baseline\"><span class=\"whitespace-normal\">Galerias de Serpentina<\/span><\/span>, <span class=\"hover:entity-accent entity-underline inline cursor-pointer align-baseline\"><span class=\"whitespace-normal\">Galeria Whitechapel<\/span><\/span>, bem como organiza\u00e7\u00f5es que moldam pr\u00e1ticas sustent\u00e1veis, como <span class=\"hover:entity-accent entity-underline inline cursor-pointer align-baseline\"><span class=\"whitespace-normal\">Bicicleta de Julie<\/span><\/span> e <span class=\"hover:entity-accent entity-underline inline cursor-pointer align-baseline\"><span class=\"whitespace-normal\">Funda\u00e7\u00e3o Delfina<\/span><\/span>. Em Portugal, este compromisso reflete-se em institui\u00e7\u00f5es como a <span class=\"hover:entity-accent entity-underline inline cursor-pointer align-baseline\"><span class=\"whitespace-normal\">Funda\u00e7\u00e3o Calouste Gulbenkian<\/span><\/span> e o <span class=\"hover:entity-accent entity-underline inline cursor-pointer align-baseline\"><span class=\"whitespace-normal\">Funda\u00e7\u00e3o de Serralves<\/span><\/span>.<\/p><p data-start=\"791\" data-end=\"938\">Este \u00e9 um passo natural para o festival. A sustentabilidade j\u00e1 faz parte da forma como trabalhamos, n\u00e3o \u00e9 um complemento, mas est\u00e1 incorporada na nossa estrutura e no nosso programa.<\/p><p data-start=\"940\" data-end=\"1243\">Atrav\u00e9s de iniciativas como a <strong data-start=\"969\" data-end=\"999\">F\/262 Laborat\u00f3rio de Cultura Circular<\/strong>, desenvolvido no \u00e2mbito do <strong data-start=\"1022\" data-end=\"1056\">Pacto para a Economia Circular<\/strong> , estamos a repensar ativamente a forma como um festival de fotografia pode funcionar de forma respons\u00e1vel, desde a produ\u00e7\u00e3o e os materiais at\u00e9 \u00e0 educa\u00e7\u00e3o e ao envolvimento da comunidade.<\/p><p data-start=\"1245\" data-end=\"1401\">Projetos como <strong data-start=\"1259\" data-end=\"1280\">Cuidar como Margens<\/strong> alargar esta abordagem ao pr\u00f3prio territ\u00f3rio, ligando a fotografia, a consci\u00eancia ambiental e a participa\u00e7\u00e3o local.<\/p><p data-start=\"1403\" data-end=\"1606\">Fazer parte do <span class=\"hover:entity-accent entity-underline inline cursor-pointer align-baseline\"><span class=\"whitespace-normal\">Galeria Coliga\u00e7\u00e3o pelo Clima<\/span><\/span> refor\u00e7a este caminho, dando-nos acesso a ferramentas partilhadas, conhecimento e uma rede global empenhada na constru\u00e7\u00e3o de um futuro cultural mais sustent\u00e1vel.<\/p>\t\t\t\t\t\t\t\t<\/div>\n\t\t\t\t<\/div>\n\t\t<div class=\"elementor-element elementor-element-6f8c1ea e-con-full e-flex e-con e-child\" data-id=\"6f8c1ea\" data-element_type=\"container\" data-e-type=\"container\">\n\t\t\t\t<div class=\"elementor-element elementor-element-802523c elementor-widget elementor-widget-image\" data-id=\"802523c\" data-element_type=\"widget\" data-e-type=\"widget\" data-widget_type=\"image.default\">\n\t\t\t\t\t\t\t\t\t\t\t\t\t\t\t\t<a href=\"https:\/\/galleryclimatecoalition.org\/our-members\/art_sector_businesses\/\">\n\t\t\t\t\t\t\t<img fetchpriority=\"high\" decoding=\"async\" width=\"1024\" height=\"1024\" src=\"https:\/\/www.f-sos.org\/wp-content\/uploads\/2026\/04\/gcc-1024x1024.png\" class=\"attachment-large size-large wp-image-3550\" alt=\"gcc\" srcset=\"https:\/\/www.f-sos.org\/wp-content\/uploads\/2026\/04\/gcc-1024x1024.png 1024w, https:\/\/www.f-sos.org\/wp-content\/uploads\/2026\/04\/gcc-300x300.png 300w, https:\/\/www.f-sos.org\/wp-content\/uploads\/2026\/04\/gcc-150x150.png 150w, https:\/\/www.f-sos.org\/wp-content\/uploads\/2026\/04\/gcc-768x768.png 768w, https:\/\/www.f-sos.org\/wp-content\/uploads\/2026\/04\/gcc-12x12.png 12w, https:\/\/www.f-sos.org\/wp-content\/uploads\/2026\/04\/gcc-80x80.png 80w, https:\/\/www.f-sos.org\/wp-content\/uploads\/2026\/04\/gcc.png 1254w\" sizes=\"(max-width: 1024px) 100vw, 1024px\" \/>\t\t\t\t\t\t\t\t<\/a>\n\t\t\t\t\t\t\t\t\t\t\t\t\t\t\t<\/div>\n\t\t\t\t<div class=\"elementor-element elementor-element-97aebf7 elementor-widget elementor-widget-image\" data-id=\"97aebf7\" data-element_type=\"widget\" data-e-type=\"widget\" data-widget_type=\"image.default\">\n\t\t\t\t\t\t\t\t\t\t\t\t\t\t\t\t<a href=\"https:\/\/galleryclimatecoalition.org\/our-members\/art_sector_businesses\/\">\n\t\t\t\t\t\t\t<img decoding=\"async\" width=\"1024\" height=\"544\" src=\"https:\/\/www.f-sos.org\/wp-content\/uploads\/2026\/04\/Screenshot-2026-04-26-at-07.54.46-1024x544.png\" class=\"attachment-large size-large wp-image-3555\" alt=\"Captura de ecr\u00e3 2026 04 26 \u00e0s 07 54 46\" srcset=\"https:\/\/www.f-sos.org\/wp-content\/uploads\/2026\/04\/Screenshot-2026-04-26-at-07.54.46-1024x544.png 1024w, https:\/\/www.f-sos.org\/wp-content\/uploads\/2026\/04\/Screenshot-2026-04-26-at-07.54.46-300x159.png 300w, https:\/\/www.f-sos.org\/wp-content\/uploads\/2026\/04\/Screenshot-2026-04-26-at-07.54.46-768x408.png 768w, https:\/\/www.f-sos.org\/wp-content\/uploads\/2026\/04\/Screenshot-2026-04-26-at-07.54.46-1536x816.png 1536w, https:\/\/www.f-sos.org\/wp-content\/uploads\/2026\/04\/Screenshot-2026-04-26-at-07.54.46-2048x1088.png 2048w, https:\/\/www.f-sos.org\/wp-content\/uploads\/2026\/04\/Screenshot-2026-04-26-at-07.54.46-18x10.png 18w\" sizes=\"(max-width: 1024px) 100vw, 1024px\" \/>\t\t\t\t\t\t\t\t<\/a>\n\t\t\t\t\t\t\t\t\t\t\t\t\t\t\t<\/div>\n\t\t\t\t<\/div>\n\t\t\t\t\t<\/div>\n\t\t\t\t<\/div>\n\t\t\t\t<\/div>","protected":false},"excerpt":{"rendered":"<p>F\/262 joins the Gallery Climate Coalition F\/262 \u2013 Festival Internacional de Fotografia is now a member of the Gallery Climate Coalition (GCC), a global network leading the cultural sector\u2019s response to the climate crisis. We join an international community that includes institutions such as Tate, Serpentine Galleries, Whitechapel Gallery, as well as organisations shaping sustainable [&hellip;]<\/p>","protected":false},"author":2,"featured_media":3550,"comment_status":"closed","ping_status":"closed","sticky":false,"template":"","format":"standard","meta":{"_acf_changed":false,"give_campaign_id":0,"footnotes":""},"categories":[59,1],"tags":[],"class_list":["post-3549","post","type-post","status-publish","format-standard","has-post-thumbnail","hentry","category-sustainabilty","category-uncategorized"],"acf":[],"yoast_head":"<!-- This site is optimized with the Yoast SEO plugin v27.5 - https:\/\/yoast.com\/product\/yoast-seo-wordpress\/ -->\n<title>F\/262 joins the Gallery Climate Coalition - F\/SOS ASSOCIA\u00c7\u00c3O<\/title>\n<meta name=\"robots\" content=\"index, follow, max-snippet:-1, max-image-preview:large, max-video-preview:-1\" \/>\n<link rel=\"canonical\" href=\"https:\/\/www.f-sos.org\/pt\/f-262-joins-the-gallery-climate-coalition\/\" \/>\n<meta property=\"og:locale\" content=\"pt_PT\" \/>\n<meta property=\"og:type\" content=\"article\" \/>\n<meta property=\"og:title\" content=\"F\/262 joins the Gallery Climate Coalition - F\/SOS ASSOCIA\u00c7\u00c3O\" \/>\n<meta property=\"og:description\" content=\"F\/262 joins the Gallery Climate Coalition F\/262 \u2013 Festival Internacional de Fotografia is now a member of the Gallery Climate Coalition (GCC), a global network leading the cultural sector\u2019s response to the climate crisis. We join an international community that includes institutions such as Tate, Serpentine Galleries, Whitechapel Gallery, as well as organisations shaping sustainable [&hellip;]\" \/>\n<meta property=\"og:url\" content=\"https:\/\/www.f-sos.org\/pt\/f-262-joins-the-gallery-climate-coalition\/\" \/>\n<meta property=\"og:site_name\" content=\"F\/SOS ASSOCIA\u00c7\u00c3O\" \/>\n<meta property=\"article:publisher\" content=\"https:\/\/www.facebook.com\/profile.php?id=61587009245386\" \/>\n<meta property=\"article:published_time\" content=\"2026-04-26T09:27:30+00:00\" \/>\n<meta property=\"article:modified_time\" content=\"2026-04-26T10:19:07+00:00\" \/>\n<meta property=\"og:image\" content=\"https:\/\/www.f-sos.org\/wp-content\/uploads\/2026\/04\/gcc.png\" \/>\n\t<meta property=\"og:image:width\" content=\"1254\" \/>\n\t<meta property=\"og:image:height\" content=\"1254\" \/>\n\t<meta property=\"og:image:type\" content=\"image\/png\" \/>\n<meta name=\"author\" content=\"Joao Carlos\" \/>\n<meta name=\"twitter:card\" content=\"summary_large_image\" \/>\n<meta name=\"twitter:label1\" content=\"Escrito por\" \/>\n\t<meta name=\"twitter:data1\" content=\"Joao Carlos\" \/>\n\t<meta name=\"twitter:label2\" content=\"Tempo estimado de leitura\" \/>\n\t<meta name=\"twitter:data2\" content=\"2 minutes\" \/>\n<script type=\"application\/ld+json\" class=\"yoast-schema-graph\">{\"@context\":\"https:\\\/\\\/schema.org\",\"@graph\":[{\"@type\":\"Article\",\"@id\":\"https:\\\/\\\/www.f-sos.org\\\/f-262-joins-the-gallery-climate-coalition\\\/#article\",\"isPartOf\":{\"@id\":\"https:\\\/\\\/www.f-sos.org\\\/f-262-joins-the-gallery-climate-coalition\\\/\"},\"author\":{\"name\":\"Joao Carlos\",\"@id\":\"https:\\\/\\\/www.f-sos.org\\\/#\\\/schema\\\/person\\\/04b2fb8592e889fba3a6ae4862e4abd1\"},\"headline\":\"F\\\/262 joins the Gallery Climate Coalition\",\"datePublished\":\"2026-04-26T09:27:30+00:00\",\"dateModified\":\"2026-04-26T10:19:07+00:00\",\"mainEntityOfPage\":{\"@id\":\"https:\\\/\\\/www.f-sos.org\\\/f-262-joins-the-gallery-climate-coalition\\\/\"},\"wordCount\":198,\"publisher\":{\"@id\":\"https:\\\/\\\/www.f-sos.org\\\/#organization\"},\"image\":{\"@id\":\"https:\\\/\\\/www.f-sos.org\\\/f-262-joins-the-gallery-climate-coalition\\\/#primaryimage\"},\"thumbnailUrl\":\"https:\\\/\\\/www.f-sos.org\\\/wp-content\\\/uploads\\\/2026\\\/04\\\/gcc.png\",\"articleSection\":[\"Sustainabilty\"],\"inLanguage\":\"pt-PT\"},{\"@type\":\"WebPage\",\"@id\":\"https:\\\/\\\/www.f-sos.org\\\/f-262-joins-the-gallery-climate-coalition\\\/\",\"url\":\"https:\\\/\\\/www.f-sos.org\\\/f-262-joins-the-gallery-climate-coalition\\\/\",\"name\":\"F\\\/262 joins the Gallery Climate Coalition - F\\\/SOS ASSOCIA\u00c7\u00c3O\",\"isPartOf\":{\"@id\":\"https:\\\/\\\/www.f-sos.org\\\/#website\"},\"primaryImageOfPage\":{\"@id\":\"https:\\\/\\\/www.f-sos.org\\\/f-262-joins-the-gallery-climate-coalition\\\/#primaryimage\"},\"image\":{\"@id\":\"https:\\\/\\\/www.f-sos.org\\\/f-262-joins-the-gallery-climate-coalition\\\/#primaryimage\"},\"thumbnailUrl\":\"https:\\\/\\\/www.f-sos.org\\\/wp-content\\\/uploads\\\/2026\\\/04\\\/gcc.png\",\"datePublished\":\"2026-04-26T09:27:30+00:00\",\"dateModified\":\"2026-04-26T10:19:07+00:00\",\"breadcrumb\":{\"@id\":\"https:\\\/\\\/www.f-sos.org\\\/f-262-joins-the-gallery-climate-coalition\\\/#breadcrumb\"},\"inLanguage\":\"pt-PT\",\"potentialAction\":[{\"@type\":\"ReadAction\",\"target\":[\"https:\\\/\\\/www.f-sos.org\\\/f-262-joins-the-gallery-climate-coalition\\\/\"]}]},{\"@type\":\"ImageObject\",\"inLanguage\":\"pt-PT\",\"@id\":\"https:\\\/\\\/www.f-sos.org\\\/f-262-joins-the-gallery-climate-coalition\\\/#primaryimage\",\"url\":\"https:\\\/\\\/www.f-sos.org\\\/wp-content\\\/uploads\\\/2026\\\/04\\\/gcc.png\",\"contentUrl\":\"https:\\\/\\\/www.f-sos.org\\\/wp-content\\\/uploads\\\/2026\\\/04\\\/gcc.png\",\"width\":1254,\"height\":1254,\"caption\":\"gcc\"},{\"@type\":\"BreadcrumbList\",\"@id\":\"https:\\\/\\\/www.f-sos.org\\\/f-262-joins-the-gallery-climate-coalition\\\/#breadcrumb\",\"itemListElement\":[{\"@type\":\"ListItem\",\"position\":1,\"name\":\"Home\",\"item\":\"https:\\\/\\\/www.f-sos.org\\\/\"},{\"@type\":\"ListItem\",\"position\":2,\"name\":\"F\\\/262 joins the Gallery Climate Coalition\"}]},{\"@type\":\"WebSite\",\"@id\":\"https:\\\/\\\/www.f-sos.org\\\/#website\",\"url\":\"https:\\\/\\\/www.f-sos.org\\\/\",\"name\":\"Associa\u00e7\u00e3o F\\\/SOS \u2013 Fotografia, Solidariedade e Obras Sociais\",\"description\":\"ASSOCIA\u00c7\u00c3O F\\\/SOS \u2014 FOTOGRAFIA, SOLIDARIEDADE E OBRAS SOCIAIS\",\"publisher\":{\"@id\":\"https:\\\/\\\/www.f-sos.org\\\/#organization\"},\"potentialAction\":[{\"@type\":\"SearchAction\",\"target\":{\"@type\":\"EntryPoint\",\"urlTemplate\":\"https:\\\/\\\/www.f-sos.org\\\/?s={search_term_string}\"},\"query-input\":{\"@type\":\"PropertyValueSpecification\",\"valueRequired\":true,\"valueName\":\"search_term_string\"}}],\"inLanguage\":\"pt-PT\"},{\"@type\":\"Organization\",\"@id\":\"https:\\\/\\\/www.f-sos.org\\\/#organization\",\"name\":\"Associa\u00e7\u00e3o F\\\/SOS \u2013 Fotografia, Solidariedade e Obras Sociais\",\"url\":\"https:\\\/\\\/www.f-sos.org\\\/\",\"logo\":{\"@type\":\"ImageObject\",\"inLanguage\":\"pt-PT\",\"@id\":\"https:\\\/\\\/www.f-sos.org\\\/#\\\/schema\\\/logo\\\/image\\\/\",\"url\":\"https:\\\/\\\/www.f-sos.org\\\/wp-content\\\/uploads\\\/2026\\\/01\\\/associacao-teal-scaled.png\",\"contentUrl\":\"https:\\\/\\\/www.f-sos.org\\\/wp-content\\\/uploads\\\/2026\\\/01\\\/associacao-teal-scaled.png\",\"width\":2560,\"height\":566,\"caption\":\"Associa\u00e7\u00e3o F\\\/SOS \u2013 Fotografia, Solidariedade e Obras Sociais\"},\"image\":{\"@id\":\"https:\\\/\\\/www.f-sos.org\\\/#\\\/schema\\\/logo\\\/image\\\/\"},\"sameAs\":[\"https:\\\/\\\/www.facebook.com\\\/profile.php?id=61587009245386\",\"https:\\\/\\\/www.linkedin.com\\\/company\\\/associacao-f-sos-fotografia-solidariedade-e-obras-sociais\\\/\"]},{\"@type\":\"Person\",\"@id\":\"https:\\\/\\\/www.f-sos.org\\\/#\\\/schema\\\/person\\\/04b2fb8592e889fba3a6ae4862e4abd1\",\"name\":\"Joao Carlos\",\"image\":{\"@type\":\"ImageObject\",\"inLanguage\":\"pt-PT\",\"@id\":\"https:\\\/\\\/secure.gravatar.com\\\/avatar\\\/9ef05982f89651d74576aa9cfa0cf1e1dd529139a9ddc69344b17eca8350989a?s=96&d=mm&r=g\",\"url\":\"https:\\\/\\\/secure.gravatar.com\\\/avatar\\\/9ef05982f89651d74576aa9cfa0cf1e1dd529139a9ddc69344b17eca8350989a?s=96&d=mm&r=g\",\"contentUrl\":\"https:\\\/\\\/secure.gravatar.com\\\/avatar\\\/9ef05982f89651d74576aa9cfa0cf1e1dd529139a9ddc69344b17eca8350989a?s=96&d=mm&r=g\",\"caption\":\"Joao Carlos\"},\"url\":\"https:\\\/\\\/www.f-sos.org\\\/pt\\\/author\\\/jcarlos\\\/\"}]}<\/script>\n<!-- \/ Yoast SEO plugin. -->","yoast_head_json":{"title":"F\/262 joins the Gallery Climate Coalition - F\/SOS ASSOCIA\u00c7\u00c3O","robots":{"index":"index","follow":"follow","max-snippet":"max-snippet:-1","max-image-preview":"max-image-preview:large","max-video-preview":"max-video-preview:-1"},"canonical":"https:\/\/www.f-sos.org\/pt\/f-262-joins-the-gallery-climate-coalition\/","og_locale":"pt_PT","og_type":"article","og_title":"F\/262 joins the Gallery Climate Coalition - F\/SOS ASSOCIA\u00c7\u00c3O","og_description":"F\/262 joins the Gallery Climate Coalition F\/262 \u2013 Festival Internacional de Fotografia is now a member of the Gallery Climate Coalition (GCC), a global network leading the cultural sector\u2019s response to the climate crisis. We join an international community that includes institutions such as Tate, Serpentine Galleries, Whitechapel Gallery, as well as organisations shaping sustainable [&hellip;]","og_url":"https:\/\/www.f-sos.org\/pt\/f-262-joins-the-gallery-climate-coalition\/","og_site_name":"F\/SOS ASSOCIA\u00c7\u00c3O","article_publisher":"https:\/\/www.facebook.com\/profile.php?id=61587009245386","article_published_time":"2026-04-26T09:27:30+00:00","article_modified_time":"2026-04-26T10:19:07+00:00","og_image":[{"width":1254,"height":1254,"url":"https:\/\/www.f-sos.org\/wp-content\/uploads\/2026\/04\/gcc.png","type":"image\/png"}],"author":"Joao Carlos","twitter_card":"summary_large_image","twitter_misc":{"Escrito por":"Joao Carlos","Tempo estimado de leitura":"2 minutes"},"schema":{"@context":"https:\/\/schema.org","@graph":[{"@type":"Article","@id":"https:\/\/www.f-sos.org\/f-262-joins-the-gallery-climate-coalition\/#article","isPartOf":{"@id":"https:\/\/www.f-sos.org\/f-262-joins-the-gallery-climate-coalition\/"},"author":{"name":"Joao Carlos","@id":"https:\/\/www.f-sos.org\/#\/schema\/person\/04b2fb8592e889fba3a6ae4862e4abd1"},"headline":"F\/262 joins the Gallery Climate Coalition","datePublished":"2026-04-26T09:27:30+00:00","dateModified":"2026-04-26T10:19:07+00:00","mainEntityOfPage":{"@id":"https:\/\/www.f-sos.org\/f-262-joins-the-gallery-climate-coalition\/"},"wordCount":198,"publisher":{"@id":"https:\/\/www.f-sos.org\/#organization"},"image":{"@id":"https:\/\/www.f-sos.org\/f-262-joins-the-gallery-climate-coalition\/#primaryimage"},"thumbnailUrl":"https:\/\/www.f-sos.org\/wp-content\/uploads\/2026\/04\/gcc.png","articleSection":["Sustainabilty"],"inLanguage":"pt-PT"},{"@type":"WebPage","@id":"https:\/\/www.f-sos.org\/f-262-joins-the-gallery-climate-coalition\/","url":"https:\/\/www.f-sos.org\/f-262-joins-the-gallery-climate-coalition\/","name":"F\/262 joins the Gallery Climate Coalition - F\/SOS ASSOCIA\u00c7\u00c3O","isPartOf":{"@id":"https:\/\/www.f-sos.org\/#website"},"primaryImageOfPage":{"@id":"https:\/\/www.f-sos.org\/f-262-joins-the-gallery-climate-coalition\/#primaryimage"},"image":{"@id":"https:\/\/www.f-sos.org\/f-262-joins-the-gallery-climate-coalition\/#primaryimage"},"thumbnailUrl":"https:\/\/www.f-sos.org\/wp-content\/uploads\/2026\/04\/gcc.png","datePublished":"2026-04-26T09:27:30+00:00","dateModified":"2026-04-26T10:19:07+00:00","breadcrumb":{"@id":"https:\/\/www.f-sos.org\/f-262-joins-the-gallery-climate-coalition\/#breadcrumb"},"inLanguage":"pt-PT","potentialAction":[{"@type":"ReadAction","target":["https:\/\/www.f-sos.org\/f-262-joins-the-gallery-climate-coalition\/"]}]},{"@type":"ImageObject","inLanguage":"pt-PT","@id":"https:\/\/www.f-sos.org\/f-262-joins-the-gallery-climate-coalition\/#primaryimage","url":"https:\/\/www.f-sos.org\/wp-content\/uploads\/2026\/04\/gcc.png","contentUrl":"https:\/\/www.f-sos.org\/wp-content\/uploads\/2026\/04\/gcc.png","width":1254,"height":1254,"caption":"gcc"},{"@type":"BreadcrumbList","@id":"https:\/\/www.f-sos.org\/f-262-joins-the-gallery-climate-coalition\/#breadcrumb","itemListElement":[{"@type":"ListItem","position":1,"name":"Home","item":"https:\/\/www.f-sos.org\/"},{"@type":"ListItem","position":2,"name":"F\/262 joins the Gallery Climate Coalition"}]},{"@type":"WebSite","@id":"https:\/\/www.f-sos.org\/#website","url":"https:\/\/www.f-sos.org\/","name":"Associa\u00e7\u00e3o F\/SOS \u2013 Fotografia, Solidariedade e Obras Sociais","description":"ASSOCIA\u00c7\u00c3O F\/SOS \u2014 FOTOGRAFIA, SOLIDARIEDADE E OBRAS SOCIAIS","publisher":{"@id":"https:\/\/www.f-sos.org\/#organization"},"potentialAction":[{"@type":"SearchAction","target":{"@type":"EntryPoint","urlTemplate":"https:\/\/www.f-sos.org\/?s={search_term_string}"},"query-input":{"@type":"PropertyValueSpecification","valueRequired":true,"valueName":"search_term_string"}}],"inLanguage":"pt-PT"},{"@type":"Organization","@id":"https:\/\/www.f-sos.org\/#organization","name":"Associa\u00e7\u00e3o F\/SOS \u2013 Fotografia, Solidariedade e Obras Sociais","url":"https:\/\/www.f-sos.org\/","logo":{"@type":"ImageObject","inLanguage":"pt-PT","@id":"https:\/\/www.f-sos.org\/#\/schema\/logo\/image\/","url":"https:\/\/www.f-sos.org\/wp-content\/uploads\/2026\/01\/associacao-teal-scaled.png","contentUrl":"https:\/\/www.f-sos.org\/wp-content\/uploads\/2026\/01\/associacao-teal-scaled.png","width":2560,"height":566,"caption":"Associa\u00e7\u00e3o F\/SOS \u2013 Fotografia, Solidariedade e Obras Sociais"},"image":{"@id":"https:\/\/www.f-sos.org\/#\/schema\/logo\/image\/"},"sameAs":["https:\/\/www.facebook.com\/profile.php?id=61587009245386","https:\/\/www.linkedin.com\/company\/associacao-f-sos-fotografia-solidariedade-e-obras-sociais\/"]},{"@type":"Person","@id":"https:\/\/www.f-sos.org\/#\/schema\/person\/04b2fb8592e889fba3a6ae4862e4abd1","name":"Joao Carlos","image":{"@type":"ImageObject","inLanguage":"pt-PT","@id":"https:\/\/secure.gravatar.com\/avatar\/9ef05982f89651d74576aa9cfa0cf1e1dd529139a9ddc69344b17eca8350989a?s=96&d=mm&r=g","url":"https:\/\/secure.gravatar.com\/avatar\/9ef05982f89651d74576aa9cfa0cf1e1dd529139a9ddc69344b17eca8350989a?s=96&d=mm&r=g","contentUrl":"https:\/\/secure.gravatar.com\/avatar\/9ef05982f89651d74576aa9cfa0cf1e1dd529139a9ddc69344b17eca8350989a?s=96&d=mm&r=g","caption":"Joao Carlos"},"url":"https:\/\/www.f-sos.org\/pt\/author\/jcarlos\/"}]}},"_links":{"self":[{"href":"https:\/\/www.f-sos.org\/pt\/wp-json\/wp\/v2\/posts\/3549","targetHints":{"allow":["GET"]}}],"collection":[{"href":"https:\/\/www.f-sos.org\/pt\/wp-json\/wp\/v2\/posts"}],"about":[{"href":"https:\/\/www.f-sos.org\/pt\/wp-json\/wp\/v2\/types\/post"}],"author":[{"embeddable":true,"href":"https:\/\/www.f-sos.org\/pt\/wp-json\/wp\/v2\/users\/2"}],"replies":[{"embeddable":true,"href":"https:\/\/www.f-sos.org\/pt\/wp-json\/wp\/v2\/comments?post=3549"}],"version-history":[{"count":0,"href":"https:\/\/www.f-sos.org\/pt\/wp-json\/wp\/v2\/posts\/3549\/revisions"}],"wp:featuredmedia":[{"embeddable":true,"href":"https:\/\/www.f-sos.org\/pt\/wp-json\/wp\/v2\/media\/3550"}],"wp:attachment":[{"href":"https:\/\/www.f-sos.org\/pt\/wp-json\/wp\/v2\/media?parent=3549"}],"wp:term":[{"taxonomy":"category","embeddable":true,"href":"https:\/\/www.f-sos.org\/pt\/wp-json\/wp\/v2\/categories?post=3549"},{"taxonomy":"post_tag","embeddable":true,"href":"https:\/\/www.f-sos.org\/pt\/wp-json\/wp\/v2\/tags?post=3549"}],"curies":[{"name":"wp","href":"https:\/\/api.w.org\/{rel}","templated":true}]}}