{"id":3517,"date":"2026-04-20T00:01:20","date_gmt":"2026-04-19T23:01:20","guid":{"rendered":"https:\/\/www.f-sos.org\/?p=3517"},"modified":"2026-04-20T00:11:37","modified_gmt":"2026-04-19T23:11:37","slug":"cuidar-as-margens-community-action-at-obidos-lagoon-gathers-80-participants-and-removes-over-500-kg-of-waste","status":"publish","type":"post","link":"https:\/\/www.f-sos.org\/pt\/cuidar-as-margens-community-action-at-obidos-lagoon-gathers-80-participants-and-removes-over-500-kg-of-waste\/","title":{"rendered":"Cuidar como Margens: Ac\u00e7\u00e3o Comunit\u00e1ria na Lagoa de \u00d3bidos Re\u00fane 80 Participantes e Remove Mais de 500 kg de Res\u00edduos"},"content":{"rendered":"<div data-elementor-type=\"wp-post\" data-elementor-id=\"3517\" class=\"elementor elementor-3517\">\n\t\t\t\t<div class=\"elementor-element elementor-element-4c48c47b e-flex e-con-boxed e-con e-parent\" data-id=\"4c48c47b\" data-element_type=\"container\" data-e-type=\"container\">\n\t\t\t\t\t<div class=\"e-con-inner\">\n\t\t\t\t<div class=\"elementor-element elementor-element-42c50f9b elementor-widget elementor-widget-text-editor\" data-id=\"42c50f9b\" data-element_type=\"widget\" data-e-type=\"widget\" data-widget_type=\"text-editor.default\">\n\t\t\t\t\t\t\t\t\t<p data-start=\"346\" data-end=\"562\">O <strong data-start=\"350\" data-end=\"396\">F\/262 \u2013 Festival Internacional de Fotografia<\/strong> Iniciou oficialmente o seu programa com a iniciativa <strong data-start=\"448\" data-end=\"471\">\u00abCuidar as Margens\u00bb<\/strong>, uma ac\u00e7\u00e3o de limpeza e sensibiliza\u00e7\u00e3o ambiental realizada em 19 de Abril na <strong data-start=\"544\" data-end=\"561\">Lagoa de \u00d3bidos<\/strong>.<\/p><p data-start=\"564\" data-end=\"788\">Esta primeira ativa\u00e7\u00e3o marca o ponto de partida do festival <strong data-start=\"629\" data-end=\"656\">plataforma de sustentabilidade<\/strong> e o <strong data-start=\"665\" data-end=\"689\">Laborat\u00f3rio de Cultura Circular<\/strong>, um eixo central do projeto que liga a fotografia, o territ\u00f3rio e a responsabilidade ambiental.<\/p><p data-start=\"790\" data-end=\"912\">Em volta <strong data-start=\"797\" data-end=\"816\">70 participantes<\/strong> aderiu \u00e0 a\u00e7\u00e3o, o que resultou na recolha de aproximadamente <strong data-start=\"881\" data-end=\"900\">548 kg de res\u00edduos<\/strong>, incluindo:<\/p><ul data-start=\"914\" data-end=\"1025\"><li data-section-id=\"c9wgbd\" data-start=\"914\" data-end=\"933\">Pl\u00e1stico: 135 kg<\/li><li data-section-id=\"7rdlw3\" data-start=\"934\" data-end=\"950\">Vidro: 16 kg<\/li><li data-section-id=\"1exit3h\" data-start=\"951\" data-end=\"966\">Madeira: 55 kg<\/li><li data-section-id=\"o3dpv1\" data-start=\"967\" data-end=\"992\">Res\u00edduos gerais: 320 kg<\/li><li data-section-id=\"1ooht17\" data-start=\"993\" data-end=\"1008\">Papel: 3 kg<\/li><li data-section-id=\"11k65if\" data-start=\"1009\" data-end=\"1025\">Metal: 19 kg<\/li><\/ul><p data-start=\"1027\" data-end=\"1202\">Mais do que uma limpeza, o \u00abCuidar as Margens\u00bb deu o tom ao que o festival representa: um gesto coletivo que re\u00fane a comunidade, a cultura e a a\u00e7\u00e3o ambiental.<\/p><p data-start=\"1204\" data-end=\"1730\">A iniciativa foi promovida pela <strong data-start=\"1235\" data-end=\"1287\">F\/SOS \u2013 Fotografia, Solidariedade e Obras Sociais<\/strong>, em colabora\u00e7\u00e3o com os parceiros locais, incluindo o <strong data-start=\"1340\" data-end=\"1375\">Junta de Freguesia da Foz do Arelho<\/strong>, o <strong data-start=\"1381\" data-end=\"1412\">Junta de Freguesia de Nadadouro<\/strong>, <strong data-start=\"1414\" data-end=\"1442\">Lindomar \u2013 Foz do Arelho<\/strong>, <strong data-start=\"1444\" data-end=\"1462\">Brigada do Mar<\/strong>, <strong data-start=\"1464\" data-end=\"1511\">AALO \u2013 Associa\u00e7\u00e3o Interina da Lagoa de \u00d3bidos<\/strong>, <strong data-start=\"1513\" data-end=\"1550\">\u00c1gora \u2013 Associa\u00e7\u00e3o Ambiental<\/strong>, <strong data-start=\"1552\" data-end=\"1571\">Associa\u00e7\u00e3o PATO<\/strong>, <strong data-start=\"1573\" data-end=\"1591\">Ordem do Trevo<\/strong>, o <strong data-start=\"1597\" data-end=\"1658\">Servi\u00e7os Sociais do Munic\u00edpio das Caldas da Rainha e SMAS<\/strong>, e o <strong data-start=\"1668\" data-end=\"1729\">Munic\u00edpio de Caldas da Rainha (Departamento do Ambiente)<\/strong>.<\/p><p data-start=\"1732\" data-end=\"1950\">A a\u00e7\u00e3o tamb\u00e9m fazia parte do <strong data-start=\"1764\" data-end=\"1814\">6a edi\u00e7\u00e3o do Plogging Challenge Portugal<\/strong>, com a F\/SOS a atuar como um organizador local, juntando-se a um movimento nacional que promove a sensibiliza\u00e7\u00e3o ambiental atrav\u00e9s de a\u00e7\u00e3o coletiva.<\/p><p data-start=\"1952\" data-end=\"2080\">No entanto, este momento representa mais do que a participa\u00e7\u00e3o numa iniciativa nacional, assinala o in\u00edcio de um programa mais vasto.<\/p><p data-start=\"2082\" data-end=\"2334\">Atrav\u00e9s do <strong data-start=\"2094\" data-end=\"2118\">Laborat\u00f3rio de Cultura Circular<\/strong>, o F\/262 Festival continuar\u00e1 a desenvolver exposi\u00e7\u00f5es, a\u00e7\u00f5es ambientais, atividades educativas e iniciativas orientadas para a comunidade, refor\u00e7ando o papel da cultura como catalisador da transforma\u00e7\u00e3o sustent\u00e1vel.<\/p><p data-start=\"2336\" data-end=\"2374\">O \u00abCuidar as Margens\u00bb \u00e9 o primeiro passo.<\/p><p data-start=\"2376\" data-end=\"2401\">Seguir-se-\u00e3o mais a\u00e7\u00f5es.<\/p>\t\t\t\t\t\t\t\t<\/div>\n\t\t\t\t\t<\/div>\n\t\t\t\t<\/div>\n\t\t<div class=\"elementor-element elementor-element-158101d e-flex e-con-boxed e-con e-parent\" data-id=\"158101d\" data-element_type=\"container\" data-e-type=\"container\">\n\t\t\t\t\t<div class=\"e-con-inner\">\n\t\t\t\t<div class=\"elementor-element elementor-element-872573d elementor-widget elementor-widget-photo-gallery\" data-id=\"872573d\" data-element_type=\"widget\" data-e-type=\"widget\" data-widget_type=\"photo-gallery.default\">\n\t\t\t\t<div class=\"elementor-widget-container\">\n\t\t\t\t\t\t    \r\n\t    <!-- Render style 2 if selected, otherwise default style -->\r\n\t    \t        <div class=\"row\">\r\n\t            \t                <div class=\"col-lg-4 col-md-6 custom-gallery-p\">\r\n\t                    <div class=\"single-gallery-thumb fix mb-10\">\r\n\t                        \t                            <a href=\"https:\/\/www.f-sos.org\/wp-content\/uploads\/2026\/04\/CUIDARASMARGENSFSOSPLAZA-38.jpg\">\r\n\t                                <img decoding=\"async\" src=\"https:\/\/www.f-sos.org\/wp-content\/uploads\/2026\/04\/CUIDARASMARGENSFSOSPLAZA-38.jpg\" alt=\"Galeria de imagens\">\r\n\t                            <\/a>\r\n\t                        \t                    <\/div>\r\n\t                <\/div>\r\n\t            \t                <div class=\"col-lg-4 col-md-6 custom-gallery-p\">\r\n\t                    <div class=\"single-gallery-thumb fix mb-10\">\r\n\t                        \t                            <a href=\"https:\/\/www.f-sos.org\/wp-content\/uploads\/2026\/04\/CUIDARASMARGENSFSOSmobiile-8.jpg\">\r\n\t                                <img decoding=\"async\" src=\"https:\/\/www.f-sos.org\/wp-content\/uploads\/2026\/04\/CUIDARASMARGENSFSOSmobiile-8.jpg\" alt=\"Galeria de imagens\">\r\n\t                            <\/a>\r\n\t                        \t                    <\/div>\r\n\t                <\/div>\r\n\t            \t                <div class=\"col-lg-4 col-md-6 custom-gallery-p\">\r\n\t                    <div class=\"single-gallery-thumb fix mb-10\">\r\n\t                        \t                            <a href=\"https:\/\/www.f-sos.org\/wp-content\/uploads\/2026\/04\/CUIDARASMARGENSFSOSDAIANE-8.jpg\">\r\n\t                                <img decoding=\"async\" src=\"https:\/\/www.f-sos.org\/wp-content\/uploads\/2026\/04\/CUIDARASMARGENSFSOSDAIANE-8.jpg\" alt=\"Galeria de imagens\">\r\n\t                            <\/a>\r\n\t                        \t                    <\/div>\r\n\t                <\/div>\r\n\t            \t                <div class=\"col-lg-4 col-md-6 custom-gallery-p\">\r\n\t                    <div class=\"single-gallery-thumb fix mb-10\">\r\n\t                        \t                            <a href=\"https:\/\/www.f-sos.org\/wp-content\/uploads\/2026\/04\/CUIDARASMARGENSFSOSDAIANE-12.jpg\">\r\n\t                                <img decoding=\"async\" src=\"https:\/\/www.f-sos.org\/wp-content\/uploads\/2026\/04\/CUIDARASMARGENSFSOSDAIANE-12.jpg\" alt=\"Galeria de imagens\">\r\n\t                            <\/a>\r\n\t                        \t                    <\/div>\r\n\t                <\/div>\r\n\t            \t                <div class=\"col-lg-4 col-md-6 custom-gallery-p\">\r\n\t                    <div class=\"single-gallery-thumb fix mb-10\">\r\n\t                        \t                            <a href=\"https:\/\/www.f-sos.org\/wp-content\/uploads\/2026\/04\/CUIDARASMARGENSFSOSDAIANE-9.jpg\">\r\n\t                                <img decoding=\"async\" src=\"https:\/\/www.f-sos.org\/wp-content\/uploads\/2026\/04\/CUIDARASMARGENSFSOSDAIANE-9.jpg\" alt=\"Galeria de imagens\">\r\n\t                            <\/a>\r\n\t                        \t                    <\/div>\r\n\t                <\/div>\r\n\t            \t                <div class=\"col-lg-4 col-md-6 custom-gallery-p\">\r\n\t                    <div class=\"single-gallery-thumb fix mb-10\">\r\n\t                        \t                            <a href=\"https:\/\/www.f-sos.org\/wp-content\/uploads\/2026\/04\/CUIDARASMARGENSFSOSmobiile-9.jpg\">\r\n\t                                <img decoding=\"async\" src=\"https:\/\/www.f-sos.org\/wp-content\/uploads\/2026\/04\/CUIDARASMARGENSFSOSmobiile-9.jpg\" alt=\"Galeria de imagens\">\r\n\t                            <\/a>\r\n\t                        \t                    <\/div>\r\n\t                <\/div>\r\n\t            \t                <div class=\"col-lg-4 col-md-6 custom-gallery-p\">\r\n\t                    <div class=\"single-gallery-thumb fix mb-10\">\r\n\t                        \t                            <a href=\"https:\/\/www.f-sos.org\/wp-content\/uploads\/2026\/04\/CUIDARASMARGENSFSOSmobiile-13.jpg\">\r\n\t                                <img decoding=\"async\" src=\"https:\/\/www.f-sos.org\/wp-content\/uploads\/2026\/04\/CUIDARASMARGENSFSOSmobiile-13.jpg\" alt=\"Galeria de imagens\">\r\n\t                            <\/a>\r\n\t                        \t                    <\/div>\r\n\t                <\/div>\r\n\t            \t                <div class=\"col-lg-4 col-md-6 custom-gallery-p\">\r\n\t                    <div class=\"single-gallery-thumb fix mb-10\">\r\n\t                        \t                            <a href=\"https:\/\/www.f-sos.org\/wp-content\/uploads\/2026\/04\/CUIDARASMARGENSFSOSmobiile-14-scaled.jpg\">\r\n\t                                <img decoding=\"async\" src=\"https:\/\/www.f-sos.org\/wp-content\/uploads\/2026\/04\/CUIDARASMARGENSFSOSmobiile-14-scaled.jpg\" alt=\"Galeria de imagens\">\r\n\t                            <\/a>\r\n\t                        \t                    <\/div>\r\n\t                <\/div>\r\n\t            \t                <div class=\"col-lg-4 col-md-6 custom-gallery-p\">\r\n\t                    <div class=\"single-gallery-thumb fix mb-10\">\r\n\t                        \t                            <a href=\"https:\/\/www.f-sos.org\/wp-content\/uploads\/2026\/04\/CUIDARASMARGENSFSOSmobiile-16.jpg\">\r\n\t                                <img decoding=\"async\" src=\"https:\/\/www.f-sos.org\/wp-content\/uploads\/2026\/04\/CUIDARASMARGENSFSOSmobiile-16.jpg\" alt=\"Galeria de imagens\">\r\n\t                            <\/a>\r\n\t                        \t                    <\/div>\r\n\t                <\/div>\r\n\t            \t                <div class=\"col-lg-4 col-md-6 custom-gallery-p\">\r\n\t                    <div class=\"single-gallery-thumb fix mb-10\">\r\n\t                        \t                            <a href=\"https:\/\/www.f-sos.org\/wp-content\/uploads\/2026\/04\/CUIDARASMARGENSFSOSmobiile-20.jpg\">\r\n\t                                <img decoding=\"async\" src=\"https:\/\/www.f-sos.org\/wp-content\/uploads\/2026\/04\/CUIDARASMARGENSFSOSmobiile-20.jpg\" alt=\"Galeria de imagens\">\r\n\t                            <\/a>\r\n\t                        \t                    <\/div>\r\n\t                <\/div>\r\n\t            \t                <div class=\"col-lg-4 col-md-6 custom-gallery-p\">\r\n\t                    <div class=\"single-gallery-thumb fix mb-10\">\r\n\t                        \t                            <a href=\"https:\/\/www.f-sos.org\/wp-content\/uploads\/2026\/04\/CUIDARASMARGENSFSOSPLAZA-5.jpg\">\r\n\t                                <img decoding=\"async\" src=\"https:\/\/www.f-sos.org\/wp-content\/uploads\/2026\/04\/CUIDARASMARGENSFSOSPLAZA-5.jpg\" alt=\"Galeria de imagens\">\r\n\t                            <\/a>\r\n\t                        \t                    <\/div>\r\n\t                <\/div>\r\n\t            \t                <div class=\"col-lg-4 col-md-6 custom-gallery-p\">\r\n\t                    <div class=\"single-gallery-thumb fix mb-10\">\r\n\t                        \t                            <a href=\"https:\/\/www.f-sos.org\/wp-content\/uploads\/2026\/04\/CUIDARASMARGENSFSOSPLAZA-7.jpg\">\r\n\t                                <img decoding=\"async\" src=\"https:\/\/www.f-sos.org\/wp-content\/uploads\/2026\/04\/CUIDARASMARGENSFSOSPLAZA-7.jpg\" alt=\"Galeria de imagens\">\r\n\t                            <\/a>\r\n\t                        \t                    <\/div>\r\n\t                <\/div>\r\n\t            \t                <div class=\"col-lg-4 col-md-6 custom-gallery-p\">\r\n\t                    <div class=\"single-gallery-thumb fix mb-10\">\r\n\t                        \t                            <a href=\"https:\/\/www.f-sos.org\/wp-content\/uploads\/2026\/04\/CUIDARASMARGENSFSOSPLAZA-16.jpg\">\r\n\t                                <img decoding=\"async\" src=\"https:\/\/www.f-sos.org\/wp-content\/uploads\/2026\/04\/CUIDARASMARGENSFSOSPLAZA-16.jpg\" alt=\"Galeria de imagens\">\r\n\t                            <\/a>\r\n\t                        \t                    <\/div>\r\n\t                <\/div>\r\n\t            \t                <div class=\"col-lg-4 col-md-6 custom-gallery-p\">\r\n\t                    <div class=\"single-gallery-thumb fix mb-10\">\r\n\t                        \t                            <a href=\"https:\/\/www.f-sos.org\/wp-content\/uploads\/2026\/04\/CUIDARASMARGENSFSOSPLAZA-18.jpg\">\r\n\t                                <img decoding=\"async\" src=\"https:\/\/www.f-sos.org\/wp-content\/uploads\/2026\/04\/CUIDARASMARGENSFSOSPLAZA-18.jpg\" alt=\"Galeria de imagens\">\r\n\t                            <\/a>\r\n\t                        \t                    <\/div>\r\n\t                <\/div>\r\n\t            \t                <div class=\"col-lg-4 col-md-6 custom-gallery-p\">\r\n\t                    <div class=\"single-gallery-thumb fix mb-10\">\r\n\t                        \t                            <a href=\"https:\/\/www.f-sos.org\/wp-content\/uploads\/2026\/04\/CUIDARASMARGENSFSOSPLAZA-33.jpg\">\r\n\t                                <img decoding=\"async\" src=\"https:\/\/www.f-sos.org\/wp-content\/uploads\/2026\/04\/CUIDARASMARGENSFSOSPLAZA-33.jpg\" alt=\"Galeria de imagens\">\r\n\t                            <\/a>\r\n\t                        \t                    <\/div>\r\n\t                <\/div>\r\n\t            \t        <\/div>\r\n\t    \r\n\t    \t\t\t\t<\/div>\n\t\t\t\t<\/div>\n\t\t\t\t\t<\/div>\n\t\t\t\t<\/div>\n\t\t\t\t<\/div>","protected":false},"excerpt":{"rendered":"<p>The F\/262 \u2013 International Photography Festival officially began its programme with the initiative \u201cCuidar as Margens\u201d, an environmental clean-up and awareness action held on April 19 at the \u00d3bidos Lagoon. This first activation marks the starting point of the festival\u2019s sustainability platform and the Circular Culture Lab, a core axis of the project that connects [&hellip;]<\/p>","protected":false},"author":2,"featured_media":3518,"comment_status":"closed","ping_status":"closed","sticky":false,"template":"","format":"standard","meta":{"_acf_changed":false,"give_campaign_id":0,"footnotes":""},"categories":[59],"tags":[],"class_list":["post-3517","post","type-post","status-publish","format-standard","has-post-thumbnail","hentry","category-sustainabilty"],"acf":[],"yoast_head":"<!-- This site is optimized with the Yoast SEO plugin v27.5 - https:\/\/yoast.com\/product\/yoast-seo-wordpress\/ -->\n<title>Cuidar as Margens: Community Action at \u00d3bidos Lagoon Gathers 80 Participants and Removes Over 500 kg of Waste - F\/SOS ASSOCIA\u00c7\u00c3O<\/title>\n<meta name=\"robots\" content=\"index, follow, max-snippet:-1, max-image-preview:large, max-video-preview:-1\" \/>\n<link rel=\"canonical\" href=\"https:\/\/www.f-sos.org\/pt\/cuidar-as-margens-community-action-at-obidos-lagoon-gathers-80-participants-and-removes-over-500-kg-of-waste\/\" \/>\n<meta property=\"og:locale\" content=\"pt_PT\" \/>\n<meta property=\"og:type\" content=\"article\" \/>\n<meta property=\"og:title\" content=\"Cuidar as Margens: Community Action at \u00d3bidos Lagoon Gathers 80 Participants and Removes Over 500 kg of Waste - F\/SOS ASSOCIA\u00c7\u00c3O\" \/>\n<meta property=\"og:description\" content=\"The F\/262 \u2013 International Photography Festival officially began its programme with the initiative \u201cCuidar as Margens\u201d, an environmental clean-up and awareness action held on April 19 at the \u00d3bidos Lagoon. This first activation marks the starting point of the festival\u2019s sustainability platform and the Circular Culture Lab, a core axis of the project that connects [&hellip;]\" \/>\n<meta property=\"og:url\" content=\"https:\/\/www.f-sos.org\/pt\/cuidar-as-margens-community-action-at-obidos-lagoon-gathers-80-participants-and-removes-over-500-kg-of-waste\/\" \/>\n<meta property=\"og:site_name\" content=\"F\/SOS ASSOCIA\u00c7\u00c3O\" \/>\n<meta property=\"article:publisher\" content=\"https:\/\/www.facebook.com\/profile.php?id=61587009245386\" \/>\n<meta property=\"article:published_time\" content=\"2026-04-19T23:01:20+00:00\" \/>\n<meta property=\"article:modified_time\" content=\"2026-04-19T23:11:37+00:00\" \/>\n<meta property=\"og:image\" content=\"https:\/\/www.f-sos.org\/wp-content\/uploads\/2026\/04\/CUIDARASMARGENSFSOSDAIANE-2.jpg\" \/>\n\t<meta property=\"og:image:width\" content=\"1625\" \/>\n\t<meta property=\"og:image:height\" content=\"2000\" \/>\n\t<meta property=\"og:image:type\" content=\"image\/jpeg\" \/>\n<meta name=\"author\" content=\"Joao Carlos\" \/>\n<meta name=\"twitter:card\" content=\"summary_large_image\" \/>\n<meta name=\"twitter:label1\" content=\"Escrito por\" \/>\n\t<meta name=\"twitter:data1\" content=\"Joao Carlos\" \/>\n\t<meta name=\"twitter:label2\" content=\"Tempo estimado de leitura\" \/>\n\t<meta name=\"twitter:data2\" content=\"3 minutes\" \/>\n<script type=\"application\/ld+json\" class=\"yoast-schema-graph\">{\"@context\":\"https:\\\/\\\/schema.org\",\"@graph\":[{\"@type\":\"Article\",\"@id\":\"https:\\\/\\\/www.f-sos.org\\\/cuidar-as-margens-community-action-at-obidos-lagoon-gathers-80-participants-and-removes-over-500-kg-of-waste\\\/#article\",\"isPartOf\":{\"@id\":\"https:\\\/\\\/www.f-sos.org\\\/cuidar-as-margens-community-action-at-obidos-lagoon-gathers-80-participants-and-removes-over-500-kg-of-waste\\\/\"},\"author\":{\"name\":\"Joao Carlos\",\"@id\":\"https:\\\/\\\/www.f-sos.org\\\/#\\\/schema\\\/person\\\/04b2fb8592e889fba3a6ae4862e4abd1\"},\"headline\":\"Cuidar as Margens: Community Action at \u00d3bidos Lagoon Gathers 80 Participants and Removes Over 500 kg of Waste\",\"datePublished\":\"2026-04-19T23:01:20+00:00\",\"dateModified\":\"2026-04-19T23:11:37+00:00\",\"mainEntityOfPage\":{\"@id\":\"https:\\\/\\\/www.f-sos.org\\\/cuidar-as-margens-community-action-at-obidos-lagoon-gathers-80-participants-and-removes-over-500-kg-of-waste\\\/\"},\"wordCount\":295,\"publisher\":{\"@id\":\"https:\\\/\\\/www.f-sos.org\\\/#organization\"},\"image\":{\"@id\":\"https:\\\/\\\/www.f-sos.org\\\/cuidar-as-margens-community-action-at-obidos-lagoon-gathers-80-participants-and-removes-over-500-kg-of-waste\\\/#primaryimage\"},\"thumbnailUrl\":\"https:\\\/\\\/www.f-sos.org\\\/wp-content\\\/uploads\\\/2026\\\/04\\\/CUIDARASMARGENSFSOSDAIANE-2.jpg\",\"articleSection\":[\"Sustainabilty\"],\"inLanguage\":\"pt-PT\"},{\"@type\":\"WebPage\",\"@id\":\"https:\\\/\\\/www.f-sos.org\\\/cuidar-as-margens-community-action-at-obidos-lagoon-gathers-80-participants-and-removes-over-500-kg-of-waste\\\/\",\"url\":\"https:\\\/\\\/www.f-sos.org\\\/cuidar-as-margens-community-action-at-obidos-lagoon-gathers-80-participants-and-removes-over-500-kg-of-waste\\\/\",\"name\":\"Cuidar as Margens: Community Action at \u00d3bidos Lagoon Gathers 80 Participants and Removes Over 500 kg of Waste - F\\\/SOS ASSOCIA\u00c7\u00c3O\",\"isPartOf\":{\"@id\":\"https:\\\/\\\/www.f-sos.org\\\/#website\"},\"primaryImageOfPage\":{\"@id\":\"https:\\\/\\\/www.f-sos.org\\\/cuidar-as-margens-community-action-at-obidos-lagoon-gathers-80-participants-and-removes-over-500-kg-of-waste\\\/#primaryimage\"},\"image\":{\"@id\":\"https:\\\/\\\/www.f-sos.org\\\/cuidar-as-margens-community-action-at-obidos-lagoon-gathers-80-participants-and-removes-over-500-kg-of-waste\\\/#primaryimage\"},\"thumbnailUrl\":\"https:\\\/\\\/www.f-sos.org\\\/wp-content\\\/uploads\\\/2026\\\/04\\\/CUIDARASMARGENSFSOSDAIANE-2.jpg\",\"datePublished\":\"2026-04-19T23:01:20+00:00\",\"dateModified\":\"2026-04-19T23:11:37+00:00\",\"breadcrumb\":{\"@id\":\"https:\\\/\\\/www.f-sos.org\\\/cuidar-as-margens-community-action-at-obidos-lagoon-gathers-80-participants-and-removes-over-500-kg-of-waste\\\/#breadcrumb\"},\"inLanguage\":\"pt-PT\",\"potentialAction\":[{\"@type\":\"ReadAction\",\"target\":[\"https:\\\/\\\/www.f-sos.org\\\/cuidar-as-margens-community-action-at-obidos-lagoon-gathers-80-participants-and-removes-over-500-kg-of-waste\\\/\"]}]},{\"@type\":\"ImageObject\",\"inLanguage\":\"pt-PT\",\"@id\":\"https:\\\/\\\/www.f-sos.org\\\/cuidar-as-margens-community-action-at-obidos-lagoon-gathers-80-participants-and-removes-over-500-kg-of-waste\\\/#primaryimage\",\"url\":\"https:\\\/\\\/www.f-sos.org\\\/wp-content\\\/uploads\\\/2026\\\/04\\\/CUIDARASMARGENSFSOSDAIANE-2.jpg\",\"contentUrl\":\"https:\\\/\\\/www.f-sos.org\\\/wp-content\\\/uploads\\\/2026\\\/04\\\/CUIDARASMARGENSFSOSDAIANE-2.jpg\",\"width\":1625,\"height\":2000,\"caption\":\"CUIDARASMARGENSFSOSDAIANE (2)\"},{\"@type\":\"BreadcrumbList\",\"@id\":\"https:\\\/\\\/www.f-sos.org\\\/cuidar-as-margens-community-action-at-obidos-lagoon-gathers-80-participants-and-removes-over-500-kg-of-waste\\\/#breadcrumb\",\"itemListElement\":[{\"@type\":\"ListItem\",\"position\":1,\"name\":\"Home\",\"item\":\"https:\\\/\\\/www.f-sos.org\\\/\"},{\"@type\":\"ListItem\",\"position\":2,\"name\":\"Cuidar as Margens: Community Action at \u00d3bidos Lagoon Gathers 80 Participants and Removes Over 500 kg of Waste\"}]},{\"@type\":\"WebSite\",\"@id\":\"https:\\\/\\\/www.f-sos.org\\\/#website\",\"url\":\"https:\\\/\\\/www.f-sos.org\\\/\",\"name\":\"Associa\u00e7\u00e3o F\\\/SOS \u2013 Fotografia, Solidariedade e Obras Sociais\",\"description\":\"ASSOCIA\u00c7\u00c3O F\\\/SOS \u2014 FOTOGRAFIA, SOLIDARIEDADE E OBRAS SOCIAIS\",\"publisher\":{\"@id\":\"https:\\\/\\\/www.f-sos.org\\\/#organization\"},\"potentialAction\":[{\"@type\":\"SearchAction\",\"target\":{\"@type\":\"EntryPoint\",\"urlTemplate\":\"https:\\\/\\\/www.f-sos.org\\\/?s={search_term_string}\"},\"query-input\":{\"@type\":\"PropertyValueSpecification\",\"valueRequired\":true,\"valueName\":\"search_term_string\"}}],\"inLanguage\":\"pt-PT\"},{\"@type\":\"Organization\",\"@id\":\"https:\\\/\\\/www.f-sos.org\\\/#organization\",\"name\":\"Associa\u00e7\u00e3o F\\\/SOS \u2013 Fotografia, Solidariedade e Obras Sociais\",\"url\":\"https:\\\/\\\/www.f-sos.org\\\/\",\"logo\":{\"@type\":\"ImageObject\",\"inLanguage\":\"pt-PT\",\"@id\":\"https:\\\/\\\/www.f-sos.org\\\/#\\\/schema\\\/logo\\\/image\\\/\",\"url\":\"https:\\\/\\\/www.f-sos.org\\\/wp-content\\\/uploads\\\/2026\\\/01\\\/associacao-teal-scaled.png\",\"contentUrl\":\"https:\\\/\\\/www.f-sos.org\\\/wp-content\\\/uploads\\\/2026\\\/01\\\/associacao-teal-scaled.png\",\"width\":2560,\"height\":566,\"caption\":\"Associa\u00e7\u00e3o F\\\/SOS \u2013 Fotografia, Solidariedade e Obras Sociais\"},\"image\":{\"@id\":\"https:\\\/\\\/www.f-sos.org\\\/#\\\/schema\\\/logo\\\/image\\\/\"},\"sameAs\":[\"https:\\\/\\\/www.facebook.com\\\/profile.php?id=61587009245386\",\"https:\\\/\\\/www.linkedin.com\\\/company\\\/associacao-f-sos-fotografia-solidariedade-e-obras-sociais\\\/\"]},{\"@type\":\"Person\",\"@id\":\"https:\\\/\\\/www.f-sos.org\\\/#\\\/schema\\\/person\\\/04b2fb8592e889fba3a6ae4862e4abd1\",\"name\":\"Joao Carlos\",\"image\":{\"@type\":\"ImageObject\",\"inLanguage\":\"pt-PT\",\"@id\":\"https:\\\/\\\/secure.gravatar.com\\\/avatar\\\/9ef05982f89651d74576aa9cfa0cf1e1dd529139a9ddc69344b17eca8350989a?s=96&d=mm&r=g\",\"url\":\"https:\\\/\\\/secure.gravatar.com\\\/avatar\\\/9ef05982f89651d74576aa9cfa0cf1e1dd529139a9ddc69344b17eca8350989a?s=96&d=mm&r=g\",\"contentUrl\":\"https:\\\/\\\/secure.gravatar.com\\\/avatar\\\/9ef05982f89651d74576aa9cfa0cf1e1dd529139a9ddc69344b17eca8350989a?s=96&d=mm&r=g\",\"caption\":\"Joao Carlos\"},\"url\":\"https:\\\/\\\/www.f-sos.org\\\/pt\\\/author\\\/jcarlos\\\/\"}]}<\/script>\n<!-- \/ Yoast SEO plugin. -->","yoast_head_json":{"title":"Cuidar as Margens: Community Action at \u00d3bidos Lagoon Gathers 80 Participants and Removes Over 500 kg of Waste - F\/SOS ASSOCIA\u00c7\u00c3O","robots":{"index":"index","follow":"follow","max-snippet":"max-snippet:-1","max-image-preview":"max-image-preview:large","max-video-preview":"max-video-preview:-1"},"canonical":"https:\/\/www.f-sos.org\/pt\/cuidar-as-margens-community-action-at-obidos-lagoon-gathers-80-participants-and-removes-over-500-kg-of-waste\/","og_locale":"pt_PT","og_type":"article","og_title":"Cuidar as Margens: Community Action at \u00d3bidos Lagoon Gathers 80 Participants and Removes Over 500 kg of Waste - F\/SOS ASSOCIA\u00c7\u00c3O","og_description":"The F\/262 \u2013 International Photography Festival officially began its programme with the initiative \u201cCuidar as Margens\u201d, an environmental clean-up and awareness action held on April 19 at the \u00d3bidos Lagoon. This first activation marks the starting point of the festival\u2019s sustainability platform and the Circular Culture Lab, a core axis of the project that connects [&hellip;]","og_url":"https:\/\/www.f-sos.org\/pt\/cuidar-as-margens-community-action-at-obidos-lagoon-gathers-80-participants-and-removes-over-500-kg-of-waste\/","og_site_name":"F\/SOS ASSOCIA\u00c7\u00c3O","article_publisher":"https:\/\/www.facebook.com\/profile.php?id=61587009245386","article_published_time":"2026-04-19T23:01:20+00:00","article_modified_time":"2026-04-19T23:11:37+00:00","og_image":[{"width":1625,"height":2000,"url":"https:\/\/www.f-sos.org\/wp-content\/uploads\/2026\/04\/CUIDARASMARGENSFSOSDAIANE-2.jpg","type":"image\/jpeg"}],"author":"Joao Carlos","twitter_card":"summary_large_image","twitter_misc":{"Escrito por":"Joao Carlos","Tempo estimado de leitura":"3 minutes"},"schema":{"@context":"https:\/\/schema.org","@graph":[{"@type":"Article","@id":"https:\/\/www.f-sos.org\/cuidar-as-margens-community-action-at-obidos-lagoon-gathers-80-participants-and-removes-over-500-kg-of-waste\/#article","isPartOf":{"@id":"https:\/\/www.f-sos.org\/cuidar-as-margens-community-action-at-obidos-lagoon-gathers-80-participants-and-removes-over-500-kg-of-waste\/"},"author":{"name":"Joao Carlos","@id":"https:\/\/www.f-sos.org\/#\/schema\/person\/04b2fb8592e889fba3a6ae4862e4abd1"},"headline":"Cuidar as Margens: Community Action at \u00d3bidos Lagoon Gathers 80 Participants and Removes Over 500 kg of Waste","datePublished":"2026-04-19T23:01:20+00:00","dateModified":"2026-04-19T23:11:37+00:00","mainEntityOfPage":{"@id":"https:\/\/www.f-sos.org\/cuidar-as-margens-community-action-at-obidos-lagoon-gathers-80-participants-and-removes-over-500-kg-of-waste\/"},"wordCount":295,"publisher":{"@id":"https:\/\/www.f-sos.org\/#organization"},"image":{"@id":"https:\/\/www.f-sos.org\/cuidar-as-margens-community-action-at-obidos-lagoon-gathers-80-participants-and-removes-over-500-kg-of-waste\/#primaryimage"},"thumbnailUrl":"https:\/\/www.f-sos.org\/wp-content\/uploads\/2026\/04\/CUIDARASMARGENSFSOSDAIANE-2.jpg","articleSection":["Sustainabilty"],"inLanguage":"pt-PT"},{"@type":"WebPage","@id":"https:\/\/www.f-sos.org\/cuidar-as-margens-community-action-at-obidos-lagoon-gathers-80-participants-and-removes-over-500-kg-of-waste\/","url":"https:\/\/www.f-sos.org\/cuidar-as-margens-community-action-at-obidos-lagoon-gathers-80-participants-and-removes-over-500-kg-of-waste\/","name":"Cuidar as Margens: Community Action at \u00d3bidos Lagoon Gathers 80 Participants and Removes Over 500 kg of Waste - F\/SOS ASSOCIA\u00c7\u00c3O","isPartOf":{"@id":"https:\/\/www.f-sos.org\/#website"},"primaryImageOfPage":{"@id":"https:\/\/www.f-sos.org\/cuidar-as-margens-community-action-at-obidos-lagoon-gathers-80-participants-and-removes-over-500-kg-of-waste\/#primaryimage"},"image":{"@id":"https:\/\/www.f-sos.org\/cuidar-as-margens-community-action-at-obidos-lagoon-gathers-80-participants-and-removes-over-500-kg-of-waste\/#primaryimage"},"thumbnailUrl":"https:\/\/www.f-sos.org\/wp-content\/uploads\/2026\/04\/CUIDARASMARGENSFSOSDAIANE-2.jpg","datePublished":"2026-04-19T23:01:20+00:00","dateModified":"2026-04-19T23:11:37+00:00","breadcrumb":{"@id":"https:\/\/www.f-sos.org\/cuidar-as-margens-community-action-at-obidos-lagoon-gathers-80-participants-and-removes-over-500-kg-of-waste\/#breadcrumb"},"inLanguage":"pt-PT","potentialAction":[{"@type":"ReadAction","target":["https:\/\/www.f-sos.org\/cuidar-as-margens-community-action-at-obidos-lagoon-gathers-80-participants-and-removes-over-500-kg-of-waste\/"]}]},{"@type":"ImageObject","inLanguage":"pt-PT","@id":"https:\/\/www.f-sos.org\/cuidar-as-margens-community-action-at-obidos-lagoon-gathers-80-participants-and-removes-over-500-kg-of-waste\/#primaryimage","url":"https:\/\/www.f-sos.org\/wp-content\/uploads\/2026\/04\/CUIDARASMARGENSFSOSDAIANE-2.jpg","contentUrl":"https:\/\/www.f-sos.org\/wp-content\/uploads\/2026\/04\/CUIDARASMARGENSFSOSDAIANE-2.jpg","width":1625,"height":2000,"caption":"CUIDARASMARGENSFSOSDAIANE (2)"},{"@type":"BreadcrumbList","@id":"https:\/\/www.f-sos.org\/cuidar-as-margens-community-action-at-obidos-lagoon-gathers-80-participants-and-removes-over-500-kg-of-waste\/#breadcrumb","itemListElement":[{"@type":"ListItem","position":1,"name":"Home","item":"https:\/\/www.f-sos.org\/"},{"@type":"ListItem","position":2,"name":"Cuidar as Margens: Community Action at \u00d3bidos Lagoon Gathers 80 Participants and Removes Over 500 kg of Waste"}]},{"@type":"WebSite","@id":"https:\/\/www.f-sos.org\/#website","url":"https:\/\/www.f-sos.org\/","name":"Associa\u00e7\u00e3o F\/SOS \u2013 Fotografia, Solidariedade e Obras Sociais","description":"ASSOCIA\u00c7\u00c3O F\/SOS \u2014 FOTOGRAFIA, SOLIDARIEDADE E OBRAS SOCIAIS","publisher":{"@id":"https:\/\/www.f-sos.org\/#organization"},"potentialAction":[{"@type":"SearchAction","target":{"@type":"EntryPoint","urlTemplate":"https:\/\/www.f-sos.org\/?s={search_term_string}"},"query-input":{"@type":"PropertyValueSpecification","valueRequired":true,"valueName":"search_term_string"}}],"inLanguage":"pt-PT"},{"@type":"Organization","@id":"https:\/\/www.f-sos.org\/#organization","name":"Associa\u00e7\u00e3o F\/SOS \u2013 Fotografia, Solidariedade e Obras Sociais","url":"https:\/\/www.f-sos.org\/","logo":{"@type":"ImageObject","inLanguage":"pt-PT","@id":"https:\/\/www.f-sos.org\/#\/schema\/logo\/image\/","url":"https:\/\/www.f-sos.org\/wp-content\/uploads\/2026\/01\/associacao-teal-scaled.png","contentUrl":"https:\/\/www.f-sos.org\/wp-content\/uploads\/2026\/01\/associacao-teal-scaled.png","width":2560,"height":566,"caption":"Associa\u00e7\u00e3o F\/SOS \u2013 Fotografia, Solidariedade e Obras Sociais"},"image":{"@id":"https:\/\/www.f-sos.org\/#\/schema\/logo\/image\/"},"sameAs":["https:\/\/www.facebook.com\/profile.php?id=61587009245386","https:\/\/www.linkedin.com\/company\/associacao-f-sos-fotografia-solidariedade-e-obras-sociais\/"]},{"@type":"Person","@id":"https:\/\/www.f-sos.org\/#\/schema\/person\/04b2fb8592e889fba3a6ae4862e4abd1","name":"Joao Carlos","image":{"@type":"ImageObject","inLanguage":"pt-PT","@id":"https:\/\/secure.gravatar.com\/avatar\/9ef05982f89651d74576aa9cfa0cf1e1dd529139a9ddc69344b17eca8350989a?s=96&d=mm&r=g","url":"https:\/\/secure.gravatar.com\/avatar\/9ef05982f89651d74576aa9cfa0cf1e1dd529139a9ddc69344b17eca8350989a?s=96&d=mm&r=g","contentUrl":"https:\/\/secure.gravatar.com\/avatar\/9ef05982f89651d74576aa9cfa0cf1e1dd529139a9ddc69344b17eca8350989a?s=96&d=mm&r=g","caption":"Joao Carlos"},"url":"https:\/\/www.f-sos.org\/pt\/author\/jcarlos\/"}]}},"_links":{"self":[{"href":"https:\/\/www.f-sos.org\/pt\/wp-json\/wp\/v2\/posts\/3517","targetHints":{"allow":["GET"]}}],"collection":[{"href":"https:\/\/www.f-sos.org\/pt\/wp-json\/wp\/v2\/posts"}],"about":[{"href":"https:\/\/www.f-sos.org\/pt\/wp-json\/wp\/v2\/types\/post"}],"author":[{"embeddable":true,"href":"https:\/\/www.f-sos.org\/pt\/wp-json\/wp\/v2\/users\/2"}],"replies":[{"embeddable":true,"href":"https:\/\/www.f-sos.org\/pt\/wp-json\/wp\/v2\/comments?post=3517"}],"version-history":[{"count":0,"href":"https:\/\/www.f-sos.org\/pt\/wp-json\/wp\/v2\/posts\/3517\/revisions"}],"wp:featuredmedia":[{"embeddable":true,"href":"https:\/\/www.f-sos.org\/pt\/wp-json\/wp\/v2\/media\/3518"}],"wp:attachment":[{"href":"https:\/\/www.f-sos.org\/pt\/wp-json\/wp\/v2\/media?parent=3517"}],"wp:term":[{"taxonomy":"category","embeddable":true,"href":"https:\/\/www.f-sos.org\/pt\/wp-json\/wp\/v2\/categories?post=3517"},{"taxonomy":"post_tag","embeddable":true,"href":"https:\/\/www.f-sos.org\/pt\/wp-json\/wp\/v2\/tags?post=3517"}],"curies":[{"name":"wp","href":"https:\/\/api.w.org\/{rel}","templated":true}]}}